{"id":19047,"date":"2023-10-09T10:25:48","date_gmt":"2023-10-09T10:25:48","guid":{"rendered":"https:\/\/www.leitao-irmao.com\/?p=19047"},"modified":"2024-07-29T12:29:19","modified_gmt":"2024-07-29T11:29:19","slug":"a-historia-da-tiara-usada-por-dona-maria-francisca-de-braganca-no-seu-casamento","status":"publish","type":"post","link":"https:\/\/www.leitao-irmao.com\/en\/a-historia-da-tiara-usada-por-dona-maria-francisca-de-braganca-no-seu-casamento\/","title":{"rendered":"The story of the tiara worn by Dona Maria Francisca de Bragan\u00e7a at her wedding"},"content":{"rendered":"<div data-elementor-type=\"wp-post\" data-elementor-id=\"19047\" class=\"elementor elementor-19047\" data-elementor-post-type=\"post\">\n\t\t\t\t\t\t<section class=\"elementor-section elementor-top-section elementor-element elementor-element-daef600 elementor-section-full_width elementor-section-height-default elementor-section-height-default\" data-id=\"daef600\" data-element_type=\"section\">\n\t\t\t\t\t\t<div class=\"elementor-container elementor-column-gap-default\">\n\t\t\t\t\t<div class=\"elementor-column elementor-col-100 elementor-top-column elementor-element elementor-element-1a4c22ed\" data-id=\"1a4c22ed\" data-element_type=\"column\">\n\t\t\t<div class=\"elementor-widget-wrap elementor-element-populated\">\n\t\t\t\t\t\t<div class=\"elementor-element elementor-element-2009e8a1 elementor-widget elementor-widget-text-editor\" data-id=\"2009e8a1\" data-element_type=\"widget\" data-widget_type=\"text-editor.default\">\n\t\t\t\t<div class=\"elementor-widget-container\">\n\t\t\t\t\t\t\t\t\t<p>It was 1886 and the wedding between the future King Carlos I of Portugal and Princess Am\u00e9lia of Orleans was promised.<\/p><p>D. Amelia of Orleans, the French daughter of the Counts of Paris, was the personal choice of the future king, who fell in love with the princess.<\/p><p>As used to be the case, it was up to the groom's parents to give the bride a present. This is what King Lu\u00eds and Queen Maria Pia did.<\/p><p>The kings intended to offer a set of jewellery made by Portuguese artists. They turned to the already recognised Crown Jewellers, Leit\u00e3o &amp; Irm\u00e3o, in a vote of confidence in obtaining pieces of high aesthetic, material and artistic quality.<\/p><p>After meeting with the jewellers, the kings were presented with a set of jewels with a Renaissance aesthetic:<\/p><ul><li>A brilliant diadem given by King Lu\u00eds;<\/li><li>A glittering necklace, given to me by Queen Maria Pia;<\/li><li>A necklace of brilliants and sapphires chosen by Prince Charles;<\/li><li>A pair of binoculars in tortoiseshell, gold and brilliants, a gift from Infante D. Afonso;<\/li><li>A brilliant brooch given by Prince Augustus.<\/li><\/ul>\t\t\t\t\t\t\t\t<\/div>\n\t\t\t\t<\/div>\n\t\t\t\t<div class=\"elementor-element elementor-element-c93a9ff elementor-widget elementor-widget-image\" data-id=\"c93a9ff\" data-element_type=\"widget\" data-widget_type=\"image.default\">\n\t\t\t\t<div class=\"elementor-widget-container\">\n\t\t\t\t\t\t\t\t\t\t\t\t\t\t\t<img fetchpriority=\"high\" decoding=\"async\" width=\"1920\" height=\"810\" src=\"https:\/\/www.leitao-irmao.com\/wp-content\/uploads\/2023\/10\/joias_rainha_d_amelia_leitaoirmao_01.jpg\" class=\"attachment-full size-full wp-image-19048\" alt=\"\" srcset=\"https:\/\/www.leitao-irmao.com\/wp-content\/uploads\/2023\/10\/joias_rainha_d_amelia_leitaoirmao_01.jpg 1920w, https:\/\/www.leitao-irmao.com\/wp-content\/uploads\/2023\/10\/joias_rainha_d_amelia_leitaoirmao_01-1000x422.jpg 1000w, https:\/\/www.leitao-irmao.com\/wp-content\/uploads\/2023\/10\/joias_rainha_d_amelia_leitaoirmao_01-300x127.jpg 300w, https:\/\/www.leitao-irmao.com\/wp-content\/uploads\/2023\/10\/joias_rainha_d_amelia_leitaoirmao_01-1024x432.jpg 1024w, https:\/\/www.leitao-irmao.com\/wp-content\/uploads\/2023\/10\/joias_rainha_d_amelia_leitaoirmao_01-768x324.jpg 768w, https:\/\/www.leitao-irmao.com\/wp-content\/uploads\/2023\/10\/joias_rainha_d_amelia_leitaoirmao_01-1536x648.jpg 1536w, https:\/\/www.leitao-irmao.com\/wp-content\/uploads\/2023\/10\/joias_rainha_d_amelia_leitaoirmao_01-18x8.jpg 18w, https:\/\/www.leitao-irmao.com\/wp-content\/uploads\/2023\/10\/joias_rainha_d_amelia_leitaoirmao_01-90x38.jpg 90w\" sizes=\"(max-width: 1920px) 100vw, 1920px\" \/>\t\t\t\t\t\t\t\t\t\t\t\t\t\t\t<\/div>\n\t\t\t\t<\/div>\n\t\t\t\t<div class=\"elementor-element elementor-element-e5a1156 elementor-widget elementor-widget-heading\" data-id=\"e5a1156\" data-element_type=\"widget\" data-widget_type=\"heading.default\">\n\t\t\t\t<div class=\"elementor-widget-container\">\n\t\t\t\t\t<h2 class=\"elementor-heading-title elementor-size-default\">The Tiara<\/h2>\t\t\t\t<\/div>\n\t\t\t\t<\/div>\n\t\t\t\t<div class=\"elementor-element elementor-element-86fc880 elementor-widget elementor-widget-text-editor\" data-id=\"86fc880\" data-element_type=\"widget\" data-widget_type=\"text-editor.default\">\n\t\t\t\t<div class=\"elementor-widget-container\">\n\t\t\t\t\t\t\t\t\t<p>Nowadays, only the Tiara remains, which was recently featured at the wedding of Dona Maria Francisca de Bragan\u00e7a, who, at the age of 26, married Duarte de Sousa Ara\u00fajo Martins on Saturday 7th October.<\/p><p>The piece was also worn at the wedding of her parents, Isabel de Her\u00e9dia and Duarte Pio de Bragan\u00e7a. Duarte Pio de Bragan\u00e7a, who have now invited their daughter to wear the tiara at their wedding.<\/p><p>Like many other Leit\u00e3o &amp; Irm\u00e3o pieces, the Renaissance-style tiara has a dual function: it can be worn closed, like a crown, or open as a tiara.<\/p><p>With two rows of diamonds, one smaller and the other larger, it has around 800 brilliants set into it.<\/p><p>The piece goes together with the necklace given on the same occasion, but which currently has no known location. We retain the records and sketches kept in the House's archive at the Gulbenkian.<\/p>\t\t\t\t\t\t\t\t<\/div>\n\t\t\t\t<\/div>\n\t\t\t\t<div class=\"elementor-element elementor-element-55dd767 elementor-widget elementor-widget-image\" data-id=\"55dd767\" data-element_type=\"widget\" data-widget_type=\"image.default\">\n\t\t\t\t<div class=\"elementor-widget-container\">\n\t\t\t\t\t\t\t\t\t\t\t\t\t\t\t<img decoding=\"async\" width=\"1828\" height=\"919\" src=\"https:\/\/www.leitao-irmao.com\/wp-content\/uploads\/2023\/10\/tiara.jpg\" class=\"attachment-full size-full wp-image-19049\" alt=\"\" srcset=\"https:\/\/www.leitao-irmao.com\/wp-content\/uploads\/2023\/10\/tiara.jpg 1828w, https:\/\/www.leitao-irmao.com\/wp-content\/uploads\/2023\/10\/tiara-1000x503.jpg 1000w, https:\/\/www.leitao-irmao.com\/wp-content\/uploads\/2023\/10\/tiara-300x151.jpg 300w, https:\/\/www.leitao-irmao.com\/wp-content\/uploads\/2023\/10\/tiara-1024x515.jpg 1024w, https:\/\/www.leitao-irmao.com\/wp-content\/uploads\/2023\/10\/tiara-768x386.jpg 768w, https:\/\/www.leitao-irmao.com\/wp-content\/uploads\/2023\/10\/tiara-1536x772.jpg 1536w, https:\/\/www.leitao-irmao.com\/wp-content\/uploads\/2023\/10\/tiara-18x9.jpg 18w, https:\/\/www.leitao-irmao.com\/wp-content\/uploads\/2023\/10\/tiara-90x45.jpg 90w\" sizes=\"(max-width: 1828px) 100vw, 1828px\" \/>\t\t\t\t\t\t\t\t\t\t\t\t\t\t\t<\/div>\n\t\t\t\t<\/div>\n\t\t\t\t<div class=\"elementor-element elementor-element-4f4c55d elementor-widget elementor-widget-heading\" data-id=\"4f4c55d\" data-element_type=\"widget\" data-widget_type=\"heading.default\">\n\t\t\t\t<div class=\"elementor-widget-container\">\n\t\t\t\t\t<h2 class=\"elementor-heading-title elementor-size-default\">Queen Am\u00e9lia, the soul of an artist<\/h2>\t\t\t\t<\/div>\n\t\t\t\t<\/div>\n\t\t\t\t<div class=\"elementor-element elementor-element-e4aee0a elementor-widget elementor-widget-text-editor\" data-id=\"e4aee0a\" data-element_type=\"widget\" data-widget_type=\"text-editor.default\">\n\t\t\t\t<div class=\"elementor-widget-container\">\n\t\t\t\t\t\t\t\t\t<p>Queen Dona Am\u00e9lia quickly became a loyal customer of Leit\u00e3o &amp; Irm\u00e3o.<\/p><p>In our records we find several references to the queen, who visited Casa Leit\u00e3o frequently to create jewellery, restore or alter her jewellery. A well-known lover of the arts, she found the perfect partnership with the jewellers at Leit\u00e3o &amp; Irm\u00e3o to expand her creativity. Many of the pieces commissioned by the queen had her own signature, which she, like us, practised several times until the signature was perfect and replicated on the piece.<\/p><p>Find more references at:<\/p><ul><li><a href=\"https:\/\/www.nit.pt\/compras\/moda\/valor-incalculavel-o-diadema-real-com-800-diamantes-que-a-infanta-herdou\"><span style=\"text-decoration: underline;\">https:\/\/www.nit.pt\/compras\/moda\/valor-incalculavel-o-diadema-real-com-800-diamantes-que-a-infanta-herdou<\/span><\/a><\/li><li><span style=\"text-decoration: underline;\"><a href=\"https:\/\/caras.pt\/famosos\/2023-10-07-de-valor-incalculavel-diadema-usado-por-maria-francisca-de-braganca-tem-800-brilhantes\/\">https:\/\/caras.pt\/famosos\/2023-10-07-de-valor-incalculavel-diadema-usado-por-maria-francisca-de-braganca-tem-800-brilhantes\/<\/a><\/span><\/li><li><span style=\"text-decoration: underline;\"><a href=\"http:\/\/tesourastiaras.blogspot.com\/2016\/12\/esplendor-real-50-royal-splendor-50.html\">http:\/\/tesourastiaras.blogspot.com\/2016\/12\/esplendor-real-50-royal-splendor-50.html<\/a><\/span><\/li><\/ul>\t\t\t\t\t\t\t\t<\/div>\n\t\t\t\t<\/div>\n\t\t\t\t<div class=\"elementor-element elementor-element-641827c elementor-widget elementor-widget-image\" data-id=\"641827c\" data-element_type=\"widget\" data-widget_type=\"image.default\">\n\t\t\t\t<div class=\"elementor-widget-container\">\n\t\t\t\t\t\t\t\t\t\t\t\t\t\t\t<img decoding=\"async\" width=\"1440\" height=\"1920\" src=\"https:\/\/www.leitao-irmao.com\/wp-content\/uploads\/2023\/10\/Revista-Occidente-1886.jpg\" class=\"attachment-full size-full wp-image-19090\" alt=\"\" srcset=\"https:\/\/www.leitao-irmao.com\/wp-content\/uploads\/2023\/10\/Revista-Occidente-1886.jpg 1440w, https:\/\/www.leitao-irmao.com\/wp-content\/uploads\/2023\/10\/Revista-Occidente-1886-1000x1333.jpg 1000w, https:\/\/www.leitao-irmao.com\/wp-content\/uploads\/2023\/10\/Revista-Occidente-1886-225x300.jpg 225w, https:\/\/www.leitao-irmao.com\/wp-content\/uploads\/2023\/10\/Revista-Occidente-1886-768x1024.jpg 768w, https:\/\/www.leitao-irmao.com\/wp-content\/uploads\/2023\/10\/Revista-Occidente-1886-1152x1536.jpg 1152w, https:\/\/www.leitao-irmao.com\/wp-content\/uploads\/2023\/10\/Revista-Occidente-1886-9x12.jpg 9w, https:\/\/www.leitao-irmao.com\/wp-content\/uploads\/2023\/10\/Revista-Occidente-1886-90x120.jpg 90w\" sizes=\"(max-width: 1440px) 100vw, 1440px\" \/>\t\t\t\t\t\t\t\t\t\t\t\t\t\t\t<\/div>\n\t\t\t\t<\/div>\n\t\t\t\t\t<\/div>\n\t\t<\/div>\n\t\t\t\t\t<\/div>\n\t\t<\/section>\n\t\t\t\t<\/div>","protected":false},"excerpt":{"rendered":"<p>Learn about the history of the tiara belonging to Queen Am\u00e9lia, worn by Dona Francisca de Bragan\u00e7a at her wedding.<\/p>","protected":false},"author":7,"featured_media":19055,"comment_status":"closed","ping_status":"open","sticky":false,"template":"","format":"standard","meta":{"_acf_changed":false,"footnotes":""},"categories":[488],"tags":[490,353],"class_list":["post-19047","post","type-post","status-publish","format-standard","has-post-thumbnail","hentry","category-noticias","tag-casamento-real","tag-joalharia"],"acf":[],"yoast_head":"<!-- This site is optimized with the Yoast SEO plugin v25.4 - https:\/\/yoast.com\/wordpress\/plugins\/seo\/ -->\n<title>A hist\u00f3ria da tiara usada por Dona Maria Francisca de Bragan\u00e7a no seu casamento<\/title>\n<meta name=\"description\" content=\"Conhe\u00e7a a hist\u00f3ria da tiara pertencente \u00e0 rainha D. Am\u00e9lia, usada por Dona Francisca de Bragan\u00e7a no seu casamento.\" \/>\n<meta name=\"robots\" content=\"index, follow, max-snippet:-1, max-image-preview:large, max-video-preview:-1\" \/>\n<link rel=\"canonical\" href=\"https:\/\/www.leitao-irmao.com\/en\/a-historia-da-tiara-usada-por-dona-maria-francisca-de-braganca-no-seu-casamento\/\" \/>\n<meta property=\"og:locale\" content=\"en_GB\" \/>\n<meta property=\"og:type\" content=\"article\" \/>\n<meta property=\"og:title\" content=\"A hist\u00f3ria da tiara usada por Dona Maria Francisca de Bragan\u00e7a no seu casamento\" \/>\n<meta property=\"og:description\" content=\"Conhe\u00e7a a hist\u00f3ria da tiara pertencente \u00e0 rainha D. Am\u00e9lia, usada por Dona Francisca de Bragan\u00e7a no seu casamento.\" \/>\n<meta property=\"og:url\" content=\"https:\/\/www.leitao-irmao.com\/en\/a-historia-da-tiara-usada-por-dona-maria-francisca-de-braganca-no-seu-casamento\/\" \/>\n<meta property=\"og:site_name\" content=\"Leit\u00e3o &amp; Irm\u00e3o\" \/>\n<meta property=\"article:published_time\" content=\"2023-10-09T10:25:48+00:00\" \/>\n<meta property=\"article:modified_time\" content=\"2024-07-29T11:29:19+00:00\" \/>\n<meta property=\"og:image\" content=\"https:\/\/www.leitao-irmao.com\/wp-content\/uploads\/2023\/10\/Tiara_Amelia.jpg\" \/>\n\t<meta property=\"og:image:width\" content=\"640\" \/>\n\t<meta property=\"og:image:height\" content=\"403\" \/>\n\t<meta property=\"og:image:type\" content=\"image\/jpeg\" \/>\n<meta name=\"author\" content=\"Sofia Almeida\" \/>\n<meta name=\"twitter:card\" content=\"summary_large_image\" \/>\n<meta name=\"twitter:title\" content=\"A hist\u00f3ria da tiara usada por Dona Maria Francisca de Bragan\u00e7a no seu casamento\" \/>\n<meta name=\"twitter:description\" content=\"Conhe\u00e7a a hist\u00f3ria da tiara pertencente \u00e0 rainha D. Am\u00e9lia, usada por Dona Francisca de Bragan\u00e7a no seu casamento.\" \/>\n<meta name=\"twitter:image\" content=\"https:\/\/www.leitao-irmao.com\/wp-content\/uploads\/2023\/10\/Tiara_Amelia.jpg\" \/>\n<meta name=\"twitter:label1\" content=\"Written by\" \/>\n\t<meta name=\"twitter:data1\" content=\"Sofia Almeida\" \/>\n\t<meta name=\"twitter:label2\" content=\"Estimated reading time\" \/>\n\t<meta name=\"twitter:data2\" content=\"3 minutes\" \/>\n<script type=\"application\/ld+json\" class=\"yoast-schema-graph\">{\"@context\":\"https:\/\/schema.org\",\"@graph\":[{\"@type\":\"Article\",\"@id\":\"https:\/\/www.leitao-irmao.com\/a-historia-da-tiara-usada-por-dona-maria-francisca-de-braganca-no-seu-casamento\/#article\",\"isPartOf\":{\"@id\":\"https:\/\/www.leitao-irmao.com\/a-historia-da-tiara-usada-por-dona-maria-francisca-de-braganca-no-seu-casamento\/\"},\"author\":{\"name\":\"Sofia Almeida\",\"@id\":\"https:\/\/www.leitao-irmao.com\/#\/schema\/person\/1d06c58e54cc214ccc2b15884c3b2b6e\"},\"headline\":\"A hist\u00f3ria da tiara usada por Dona Maria Francisca de Bragan\u00e7a no seu casamento\",\"datePublished\":\"2023-10-09T10:25:48+00:00\",\"dateModified\":\"2024-07-29T11:29:19+00:00\",\"mainEntityOfPage\":{\"@id\":\"https:\/\/www.leitao-irmao.com\/a-historia-da-tiara-usada-por-dona-maria-francisca-de-braganca-no-seu-casamento\/\"},\"wordCount\":510,\"publisher\":{\"@id\":\"https:\/\/www.leitao-irmao.com\/#organization\"},\"image\":{\"@id\":\"https:\/\/www.leitao-irmao.com\/a-historia-da-tiara-usada-por-dona-maria-francisca-de-braganca-no-seu-casamento\/#primaryimage\"},\"thumbnailUrl\":\"https:\/\/www.leitao-irmao.com\/wp-content\/uploads\/2023\/10\/Tiara_Amelia.jpg\",\"keywords\":[\"Casamento Real\",\"Joalharia\"],\"articleSection\":[\"Not\u00edcias\"],\"inLanguage\":\"en-GB\"},{\"@type\":\"WebPage\",\"@id\":\"https:\/\/www.leitao-irmao.com\/a-historia-da-tiara-usada-por-dona-maria-francisca-de-braganca-no-seu-casamento\/\",\"url\":\"https:\/\/www.leitao-irmao.com\/a-historia-da-tiara-usada-por-dona-maria-francisca-de-braganca-no-seu-casamento\/\",\"name\":\"A hist\u00f3ria da tiara usada por Dona Maria Francisca de Bragan\u00e7a no seu casamento\",\"isPartOf\":{\"@id\":\"https:\/\/www.leitao-irmao.com\/#website\"},\"primaryImageOfPage\":{\"@id\":\"https:\/\/www.leitao-irmao.com\/a-historia-da-tiara-usada-por-dona-maria-francisca-de-braganca-no-seu-casamento\/#primaryimage\"},\"image\":{\"@id\":\"https:\/\/www.leitao-irmao.com\/a-historia-da-tiara-usada-por-dona-maria-francisca-de-braganca-no-seu-casamento\/#primaryimage\"},\"thumbnailUrl\":\"https:\/\/www.leitao-irmao.com\/wp-content\/uploads\/2023\/10\/Tiara_Amelia.jpg\",\"datePublished\":\"2023-10-09T10:25:48+00:00\",\"dateModified\":\"2024-07-29T11:29:19+00:00\",\"description\":\"Conhe\u00e7a a hist\u00f3ria da tiara pertencente \u00e0 rainha D. Am\u00e9lia, usada por Dona Francisca de Bragan\u00e7a no seu casamento.\",\"breadcrumb\":{\"@id\":\"https:\/\/www.leitao-irmao.com\/a-historia-da-tiara-usada-por-dona-maria-francisca-de-braganca-no-seu-casamento\/#breadcrumb\"},\"inLanguage\":\"en-GB\",\"potentialAction\":[{\"@type\":\"ReadAction\",\"target\":[\"https:\/\/www.leitao-irmao.com\/a-historia-da-tiara-usada-por-dona-maria-francisca-de-braganca-no-seu-casamento\/\"]}]},{\"@type\":\"ImageObject\",\"inLanguage\":\"en-GB\",\"@id\":\"https:\/\/www.leitao-irmao.com\/a-historia-da-tiara-usada-por-dona-maria-francisca-de-braganca-no-seu-casamento\/#primaryimage\",\"url\":\"https:\/\/www.leitao-irmao.com\/wp-content\/uploads\/2023\/10\/Tiara_Amelia.jpg\",\"contentUrl\":\"https:\/\/www.leitao-irmao.com\/wp-content\/uploads\/2023\/10\/Tiara_Amelia.jpg\",\"width\":640,\"height\":403},{\"@type\":\"BreadcrumbList\",\"@id\":\"https:\/\/www.leitao-irmao.com\/a-historia-da-tiara-usada-por-dona-maria-francisca-de-braganca-no-seu-casamento\/#breadcrumb\",\"itemListElement\":[{\"@type\":\"ListItem\",\"position\":1,\"name\":\"Home\",\"item\":\"https:\/\/www.leitao-irmao.com\/\"},{\"@type\":\"ListItem\",\"position\":2,\"name\":\"A hist\u00f3ria da tiara usada por Dona Maria Francisca de Bragan\u00e7a no seu casamento\"}]},{\"@type\":\"WebSite\",\"@id\":\"https:\/\/www.leitao-irmao.com\/#website\",\"url\":\"https:\/\/www.leitao-irmao.com\/\",\"name\":\"Leit\u00e3o & Irm\u00e3o\",\"description\":\"Joalheiros desde 1822\",\"publisher\":{\"@id\":\"https:\/\/www.leitao-irmao.com\/#organization\"},\"potentialAction\":[{\"@type\":\"SearchAction\",\"target\":{\"@type\":\"EntryPoint\",\"urlTemplate\":\"https:\/\/www.leitao-irmao.com\/?s={search_term_string}\"},\"query-input\":{\"@type\":\"PropertyValueSpecification\",\"valueRequired\":true,\"valueName\":\"search_term_string\"}}],\"inLanguage\":\"en-GB\"},{\"@type\":\"Organization\",\"@id\":\"https:\/\/www.leitao-irmao.com\/#organization\",\"name\":\"Leit\u00e3o & Irm\u00e3o\",\"url\":\"https:\/\/www.leitao-irmao.com\/\",\"logo\":{\"@type\":\"ImageObject\",\"inLanguage\":\"en-GB\",\"@id\":\"https:\/\/www.leitao-irmao.com\/#\/schema\/logo\/image\/\",\"url\":\"https:\/\/www.leitao-irmao.com\/wp-content\/uploads\/2022\/11\/leitaoirmao-logo.png\",\"contentUrl\":\"https:\/\/www.leitao-irmao.com\/wp-content\/uploads\/2022\/11\/leitaoirmao-logo.png\",\"width\":426,\"height\":89,\"caption\":\"Leit\u00e3o & Irm\u00e3o\"},\"image\":{\"@id\":\"https:\/\/www.leitao-irmao.com\/#\/schema\/logo\/image\/\"}},{\"@type\":\"Person\",\"@id\":\"https:\/\/www.leitao-irmao.com\/#\/schema\/person\/1d06c58e54cc214ccc2b15884c3b2b6e\",\"name\":\"Sofia Almeida\",\"url\":\"https:\/\/www.leitao-irmao.com\/en\/author\/sofia\/\"}]}<\/script>\n<!-- \/ Yoast SEO plugin. -->","yoast_head_json":{"title":"A hist\u00f3ria da tiara usada por Dona Maria Francisca de Bragan\u00e7a no seu casamento","description":"Conhe\u00e7a a hist\u00f3ria da tiara pertencente \u00e0 rainha D. Am\u00e9lia, usada por Dona Francisca de Bragan\u00e7a no seu casamento.","robots":{"index":"index","follow":"follow","max-snippet":"max-snippet:-1","max-image-preview":"max-image-preview:large","max-video-preview":"max-video-preview:-1"},"canonical":"https:\/\/www.leitao-irmao.com\/en\/a-historia-da-tiara-usada-por-dona-maria-francisca-de-braganca-no-seu-casamento\/","og_locale":"en_GB","og_type":"article","og_title":"A hist\u00f3ria da tiara usada por Dona Maria Francisca de Bragan\u00e7a no seu casamento","og_description":"Conhe\u00e7a a hist\u00f3ria da tiara pertencente \u00e0 rainha D. Am\u00e9lia, usada por Dona Francisca de Bragan\u00e7a no seu casamento.","og_url":"https:\/\/www.leitao-irmao.com\/en\/a-historia-da-tiara-usada-por-dona-maria-francisca-de-braganca-no-seu-casamento\/","og_site_name":"Leit\u00e3o &amp; Irm\u00e3o","article_published_time":"2023-10-09T10:25:48+00:00","article_modified_time":"2024-07-29T11:29:19+00:00","og_image":[{"width":640,"height":403,"url":"https:\/\/www.leitao-irmao.com\/wp-content\/uploads\/2023\/10\/Tiara_Amelia.jpg","type":"image\/jpeg"}],"author":"Sofia Almeida","twitter_card":"summary_large_image","twitter_title":"A hist\u00f3ria da tiara usada por Dona Maria Francisca de Bragan\u00e7a no seu casamento","twitter_description":"Conhe\u00e7a a hist\u00f3ria da tiara pertencente \u00e0 rainha D. Am\u00e9lia, usada por Dona Francisca de Bragan\u00e7a no seu casamento.","twitter_image":"https:\/\/www.leitao-irmao.com\/wp-content\/uploads\/2023\/10\/Tiara_Amelia.jpg","twitter_misc":{"Written by":"Sofia Almeida","Estimated reading time":"3 minutes"},"schema":{"@context":"https:\/\/schema.org","@graph":[{"@type":"Article","@id":"https:\/\/www.leitao-irmao.com\/a-historia-da-tiara-usada-por-dona-maria-francisca-de-braganca-no-seu-casamento\/#article","isPartOf":{"@id":"https:\/\/www.leitao-irmao.com\/a-historia-da-tiara-usada-por-dona-maria-francisca-de-braganca-no-seu-casamento\/"},"author":{"name":"Sofia Almeida","@id":"https:\/\/www.leitao-irmao.com\/#\/schema\/person\/1d06c58e54cc214ccc2b15884c3b2b6e"},"headline":"A hist\u00f3ria da tiara usada por Dona Maria Francisca de Bragan\u00e7a no seu casamento","datePublished":"2023-10-09T10:25:48+00:00","dateModified":"2024-07-29T11:29:19+00:00","mainEntityOfPage":{"@id":"https:\/\/www.leitao-irmao.com\/a-historia-da-tiara-usada-por-dona-maria-francisca-de-braganca-no-seu-casamento\/"},"wordCount":510,"publisher":{"@id":"https:\/\/www.leitao-irmao.com\/#organization"},"image":{"@id":"https:\/\/www.leitao-irmao.com\/a-historia-da-tiara-usada-por-dona-maria-francisca-de-braganca-no-seu-casamento\/#primaryimage"},"thumbnailUrl":"https:\/\/www.leitao-irmao.com\/wp-content\/uploads\/2023\/10\/Tiara_Amelia.jpg","keywords":["Casamento Real","Joalharia"],"articleSection":["Not\u00edcias"],"inLanguage":"en-GB"},{"@type":"WebPage","@id":"https:\/\/www.leitao-irmao.com\/a-historia-da-tiara-usada-por-dona-maria-francisca-de-braganca-no-seu-casamento\/","url":"https:\/\/www.leitao-irmao.com\/a-historia-da-tiara-usada-por-dona-maria-francisca-de-braganca-no-seu-casamento\/","name":"A hist\u00f3ria da tiara usada por Dona Maria Francisca de Bragan\u00e7a no seu casamento","isPartOf":{"@id":"https:\/\/www.leitao-irmao.com\/#website"},"primaryImageOfPage":{"@id":"https:\/\/www.leitao-irmao.com\/a-historia-da-tiara-usada-por-dona-maria-francisca-de-braganca-no-seu-casamento\/#primaryimage"},"image":{"@id":"https:\/\/www.leitao-irmao.com\/a-historia-da-tiara-usada-por-dona-maria-francisca-de-braganca-no-seu-casamento\/#primaryimage"},"thumbnailUrl":"https:\/\/www.leitao-irmao.com\/wp-content\/uploads\/2023\/10\/Tiara_Amelia.jpg","datePublished":"2023-10-09T10:25:48+00:00","dateModified":"2024-07-29T11:29:19+00:00","description":"Conhe\u00e7a a hist\u00f3ria da tiara pertencente \u00e0 rainha D. Am\u00e9lia, usada por Dona Francisca de Bragan\u00e7a no seu casamento.","breadcrumb":{"@id":"https:\/\/www.leitao-irmao.com\/a-historia-da-tiara-usada-por-dona-maria-francisca-de-braganca-no-seu-casamento\/#breadcrumb"},"inLanguage":"en-GB","potentialAction":[{"@type":"ReadAction","target":["https:\/\/www.leitao-irmao.com\/a-historia-da-tiara-usada-por-dona-maria-francisca-de-braganca-no-seu-casamento\/"]}]},{"@type":"ImageObject","inLanguage":"en-GB","@id":"https:\/\/www.leitao-irmao.com\/a-historia-da-tiara-usada-por-dona-maria-francisca-de-braganca-no-seu-casamento\/#primaryimage","url":"https:\/\/www.leitao-irmao.com\/wp-content\/uploads\/2023\/10\/Tiara_Amelia.jpg","contentUrl":"https:\/\/www.leitao-irmao.com\/wp-content\/uploads\/2023\/10\/Tiara_Amelia.jpg","width":640,"height":403},{"@type":"BreadcrumbList","@id":"https:\/\/www.leitao-irmao.com\/a-historia-da-tiara-usada-por-dona-maria-francisca-de-braganca-no-seu-casamento\/#breadcrumb","itemListElement":[{"@type":"ListItem","position":1,"name":"Home","item":"https:\/\/www.leitao-irmao.com\/"},{"@type":"ListItem","position":2,"name":"A hist\u00f3ria da tiara usada por Dona Maria Francisca de Bragan\u00e7a no seu casamento"}]},{"@type":"WebSite","@id":"https:\/\/www.leitao-irmao.com\/#website","url":"https:\/\/www.leitao-irmao.com\/","name":"Leit\u00e3o & Irm\u00e3o","description":"Joalheiros desde 1822","publisher":{"@id":"https:\/\/www.leitao-irmao.com\/#organization"},"potentialAction":[{"@type":"SearchAction","target":{"@type":"EntryPoint","urlTemplate":"https:\/\/www.leitao-irmao.com\/?s={search_term_string}"},"query-input":{"@type":"PropertyValueSpecification","valueRequired":true,"valueName":"search_term_string"}}],"inLanguage":"en-GB"},{"@type":"Organization","@id":"https:\/\/www.leitao-irmao.com\/#organization","name":"Leit\u00e3o & Irm\u00e3o","url":"https:\/\/www.leitao-irmao.com\/","logo":{"@type":"ImageObject","inLanguage":"en-GB","@id":"https:\/\/www.leitao-irmao.com\/#\/schema\/logo\/image\/","url":"https:\/\/www.leitao-irmao.com\/wp-content\/uploads\/2022\/11\/leitaoirmao-logo.png","contentUrl":"https:\/\/www.leitao-irmao.com\/wp-content\/uploads\/2022\/11\/leitaoirmao-logo.png","width":426,"height":89,"caption":"Leit\u00e3o & Irm\u00e3o"},"image":{"@id":"https:\/\/www.leitao-irmao.com\/#\/schema\/logo\/image\/"}},{"@type":"Person","@id":"https:\/\/www.leitao-irmao.com\/#\/schema\/person\/1d06c58e54cc214ccc2b15884c3b2b6e","name":"Sofia Almeida","url":"https:\/\/www.leitao-irmao.com\/en\/author\/sofia\/"}]}},"_links":{"self":[{"href":"https:\/\/www.leitao-irmao.com\/en\/wp-json\/wp\/v2\/posts\/19047","targetHints":{"allow":["GET"]}}],"collection":[{"href":"https:\/\/www.leitao-irmao.com\/en\/wp-json\/wp\/v2\/posts"}],"about":[{"href":"https:\/\/www.leitao-irmao.com\/en\/wp-json\/wp\/v2\/types\/post"}],"author":[{"embeddable":true,"href":"https:\/\/www.leitao-irmao.com\/en\/wp-json\/wp\/v2\/users\/7"}],"replies":[{"embeddable":true,"href":"https:\/\/www.leitao-irmao.com\/en\/wp-json\/wp\/v2\/comments?post=19047"}],"version-history":[{"count":0,"href":"https:\/\/www.leitao-irmao.com\/en\/wp-json\/wp\/v2\/posts\/19047\/revisions"}],"wp:featuredmedia":[{"embeddable":true,"href":"https:\/\/www.leitao-irmao.com\/en\/wp-json\/wp\/v2\/media\/19055"}],"wp:attachment":[{"href":"https:\/\/www.leitao-irmao.com\/en\/wp-json\/wp\/v2\/media?parent=19047"}],"wp:term":[{"taxonomy":"category","embeddable":true,"href":"https:\/\/www.leitao-irmao.com\/en\/wp-json\/wp\/v2\/categories?post=19047"},{"taxonomy":"post_tag","embeddable":true,"href":"https:\/\/www.leitao-irmao.com\/en\/wp-json\/wp\/v2\/tags?post=19047"}],"curies":[{"name":"wp","href":"https:\/\/api.w.org\/{rel}","templated":true}]}}