{"id":23010,"date":"2024-04-09T16:51:43","date_gmt":"2024-04-09T16:51:43","guid":{"rendered":"https:\/\/www.leitao-irmao.com\/?p=23010"},"modified":"2024-07-29T12:16:53","modified_gmt":"2024-07-29T11:16:53","slug":"aguia-vitoria-em-prata-peca-comemorativa-120-anos-do-sport-lisboa-e-benfica","status":"publish","type":"post","link":"https:\/\/www.leitao-irmao.com\/en\/aguia-vitoria-em-prata-peca-comemorativa-120-anos-do-sport-lisboa-e-benfica\/","title":{"rendered":"Victory Eagle in Silver \u2013 Official Piece for the 120th Anniversary of Sport Lisboa e Benfica"},"content":{"rendered":"<div data-elementor-type=\"wp-post\" data-elementor-id=\"23010\" class=\"elementor elementor-23010\" data-elementor-post-type=\"post\">\n\t\t\t\t\t\t<section class=\"elementor-section elementor-top-section elementor-element elementor-element-1f398e9 elementor-section-full_width elementor-section-height-default elementor-section-height-default\" data-id=\"1f398e9\" data-element_type=\"section\">\n\t\t\t\t\t\t<div class=\"elementor-container elementor-column-gap-default\">\n\t\t\t\t\t<div class=\"elementor-column elementor-col-100 elementor-top-column elementor-element elementor-element-b046292\" data-id=\"b046292\" data-element_type=\"column\">\n\t\t\t<div class=\"elementor-widget-wrap elementor-element-populated\">\n\t\t\t\t\t\t<div class=\"elementor-element elementor-element-eaf3e2c elementor-widget elementor-widget-heading\" data-id=\"eaf3e2c\" data-element_type=\"widget\" data-widget_type=\"heading.default\">\n\t\t\t\t<div class=\"elementor-widget-container\">\n\t\t\t\t\t<h1 class=\"elementor-heading-title elementor-size-large\">\u00c0 paix\u00e3o pelo clube junta-se o amor pela excel\u00eancia do saber\nfazer portugu\u00eas.<\/h1>\t\t\t\t<\/div>\n\t\t\t\t<\/div>\n\t\t\t\t<div class=\"elementor-element elementor-element-df8b3f9 elementor-widget elementor-widget-text-editor\" data-id=\"df8b3f9\" data-element_type=\"widget\" data-widget_type=\"text-editor.default\">\n\t\t\t\t<div class=\"elementor-widget-container\">\n\t\t\t\t\t\t\t\t\t<p>Na passada quinta-feira, dia 28 de mar\u00e7o, decorreu a <strong>Apresenta\u00e7\u00e3o<\/strong> <strong>de produtos alusivos \u00e0 comemora\u00e7\u00e3o dos 120 anos do Sport Lisboa e Benfica.<\/strong><\/p><p>O Sport Lisboa e Benfica e a Casa Leit\u00e3o &amp; Irm\u00e3o &#8211; Joalheiros, marcas centen\u00e1rias, <strong>juntam-se na cria\u00e7\u00e3o de pe\u00e7as comemorativas<\/strong>, onde a qualidade e a manufatura refletem o detalhe e perseveran\u00e7a que levam \u00e0 <strong>vit\u00f3ria<\/strong>.<\/p><p>Os 120 anos do Sport Lisboa e Benfica s\u00e3o motivo mais do que suficiente para a Leit\u00e3o &amp; Irm\u00e3o &#8211; Joalheiros criar uma <strong>pe\u00e7a especial e comemorativa desta etapa.<\/strong><\/p>\t\t\t\t\t\t\t\t<\/div>\n\t\t\t\t<\/div>\n\t\t\t\t<div class=\"elementor-element elementor-element-131dbda elementor-widget-divider--view-line elementor-widget elementor-widget-divider\" data-id=\"131dbda\" data-element_type=\"widget\" data-widget_type=\"divider.default\">\n\t\t\t\t<div class=\"elementor-widget-container\">\n\t\t\t\t\t\t\t<div class=\"elementor-divider\">\n\t\t\t<span class=\"elementor-divider-separator\">\n\t\t\t\t\t\t<\/span>\n\t\t<\/div>\n\t\t\t\t\t\t<\/div>\n\t\t\t\t<\/div>\n\t\t\t\t<section class=\"elementor-section elementor-inner-section elementor-element elementor-element-bd58fe1 elementor-section-full_width elementor-section-height-default elementor-section-height-default\" data-id=\"bd58fe1\" data-element_type=\"section\">\n\t\t\t\t\t\t<div class=\"elementor-container elementor-column-gap-default\">\n\t\t\t\t\t<div class=\"elementor-column elementor-col-50 elementor-inner-column elementor-element elementor-element-224682a\" data-id=\"224682a\" data-element_type=\"column\">\n\t\t\t<div class=\"elementor-widget-wrap elementor-element-populated\">\n\t\t\t\t\t\t<div class=\"elementor-element elementor-element-35708b5 elementor-widget elementor-widget-image\" data-id=\"35708b5\" data-element_type=\"widget\" data-widget_type=\"image.default\">\n\t\t\t\t<div class=\"elementor-widget-container\">\n\t\t\t\t\t\t\t\t\t\t\t\t\t\t\t<img fetchpriority=\"high\" decoding=\"async\" width=\"800\" height=\"800\" src=\"https:\/\/www.leitao-irmao.com\/wp-content\/uploads\/2024\/04\/Benfica-Jewels-by-LI-aguia-120-anos_fundo-site-2-1024x1024.jpg\" class=\"attachment-large size-large wp-image-23014\" alt=\"\u00c1guia Vit\u00f3ria em Prata - pe\u00e7a oficial dos 120 anos Sport Lisboa e Benfica x Leit\u00e3o &amp; Irm\u00e3o\" srcset=\"https:\/\/www.leitao-irmao.com\/wp-content\/uploads\/2024\/04\/Benfica-Jewels-by-LI-aguia-120-anos_fundo-site-2-1024x1024.jpg 1024w, https:\/\/www.leitao-irmao.com\/wp-content\/uploads\/2024\/04\/Benfica-Jewels-by-LI-aguia-120-anos_fundo-site-2-1000x1000.jpg 1000w, https:\/\/www.leitao-irmao.com\/wp-content\/uploads\/2024\/04\/Benfica-Jewels-by-LI-aguia-120-anos_fundo-site-2-100x100.jpg 100w, https:\/\/www.leitao-irmao.com\/wp-content\/uploads\/2024\/04\/Benfica-Jewels-by-LI-aguia-120-anos_fundo-site-2-300x300.jpg 300w, https:\/\/www.leitao-irmao.com\/wp-content\/uploads\/2024\/04\/Benfica-Jewels-by-LI-aguia-120-anos_fundo-site-2-150x150.jpg 150w, https:\/\/www.leitao-irmao.com\/wp-content\/uploads\/2024\/04\/Benfica-Jewels-by-LI-aguia-120-anos_fundo-site-2-768x768.jpg 768w, https:\/\/www.leitao-irmao.com\/wp-content\/uploads\/2024\/04\/Benfica-Jewels-by-LI-aguia-120-anos_fundo-site-2-12x12.jpg 12w, https:\/\/www.leitao-irmao.com\/wp-content\/uploads\/2024\/04\/Benfica-Jewels-by-LI-aguia-120-anos_fundo-site-2-500x500.jpg 500w, https:\/\/www.leitao-irmao.com\/wp-content\/uploads\/2024\/04\/Benfica-Jewels-by-LI-aguia-120-anos_fundo-site-2-190x190.jpg 190w, https:\/\/www.leitao-irmao.com\/wp-content\/uploads\/2024\/04\/Benfica-Jewels-by-LI-aguia-120-anos_fundo-site-2-90x90.jpg 90w, https:\/\/www.leitao-irmao.com\/wp-content\/uploads\/2024\/04\/Benfica-Jewels-by-LI-aguia-120-anos_fundo-site-2.jpg 1080w\" sizes=\"(max-width: 800px) 100vw, 800px\" \/>\t\t\t\t\t\t\t\t\t\t\t\t\t\t\t<\/div>\n\t\t\t\t<\/div>\n\t\t\t\t\t<\/div>\n\t\t<\/div>\n\t\t\t\t<div class=\"elementor-column elementor-col-50 elementor-inner-column elementor-element elementor-element-bfd497c\" data-id=\"bfd497c\" data-element_type=\"column\">\n\t\t\t<div class=\"elementor-widget-wrap elementor-element-populated\">\n\t\t\t\t\t\t<div class=\"elementor-element elementor-element-f7418b9 elementor-widget elementor-widget-text-editor\" data-id=\"f7418b9\" data-element_type=\"widget\" data-widget_type=\"text-editor.default\">\n\t\t\t\t<div class=\"elementor-widget-container\">\n\t\t\t\t\t\t\t\t\t<p><strong>\u00c1guia em prata<\/strong> representativa da \u00e1guia Vit\u00f3ria, <strong>s\u00edmbolo do Sport Lisboa e Benfica<\/strong>.<\/p><p><strong>Pe\u00e7a original<\/strong>, desenvolvida pela <strong>Leit\u00e3o &amp; Irm\u00e3o<\/strong> atrav\u00e9s de escultura original.<\/p><p>Base em madeira de carvalho e estojo de exposi\u00e7\u00e3o.<\/p><p>S\u00e3o realizadas <strong>12 numbered pieces<\/strong>, in a <strong>edi\u00e7\u00e3o limitada<\/strong> e comemorativa dos 120 anos do Sport Lisboa e Benfica.<\/p><p>A pe\u00e7a \u00e9 acondicionada dentro de um <strong>estojo de exposi\u00e7\u00e3o<\/strong> com espa\u00e7o para a pe\u00e7a e informa\u00e7\u00e3o alusiva aos hinos do clube Sport Lisboa e Benfica.<\/p>\t\t\t\t\t\t\t\t<\/div>\n\t\t\t\t<\/div>\n\t\t\t\t\t<\/div>\n\t\t<\/div>\n\t\t\t\t\t<\/div>\n\t\t<\/section>\n\t\t\t\t<div class=\"elementor-element elementor-element-0edb365 elementor-widget-divider--view-line elementor-widget elementor-widget-divider\" data-id=\"0edb365\" data-element_type=\"widget\" data-widget_type=\"divider.default\">\n\t\t\t\t<div class=\"elementor-widget-container\">\n\t\t\t\t\t\t\t<div class=\"elementor-divider\">\n\t\t\t<span class=\"elementor-divider-separator\">\n\t\t\t\t\t\t<\/span>\n\t\t<\/div>\n\t\t\t\t\t\t<\/div>\n\t\t\t\t<\/div>\n\t\t\t\t<div class=\"elementor-element elementor-element-5d8a5ea elementor-widget elementor-widget-text-editor\" data-id=\"5d8a5ea\" data-element_type=\"widget\" data-widget_type=\"text-editor.default\">\n\t\t\t\t<div class=\"elementor-widget-container\">\n\t\t\t\t\t\t\t\t\t<p>Os anos passam, no entanto, o <strong>elemento ic\u00f3nico<\/strong> do clube mant\u00e9m-se:<strong> a \u00c1guia<\/strong>.<\/p><p>Foi a \u00c1guia a <strong>inspira\u00e7\u00e3o e o modelo<\/strong> para a cria\u00e7\u00e3o de uma pe\u00e7a que se pretende incorporar a <strong>grandeza emocional do clube para cada adepto<\/strong>.<\/p><p>Desenhada \u00e0 vista pela escultora residente na Casa Leit\u00e3o, a \u00e1guia Vit\u00f3ria foi posteriormente <strong>esculpida em cera e transformada em prata<\/strong> atrav\u00e9s da t\u00e9cnica de \u201cceras perdidas\u201d, t\u00e9cnica ancestral de ourivesaria utilizada habitualmente nas oficinas Leit\u00e3o &amp; Irm\u00e3o.<\/p>\t\t\t\t\t\t\t\t<\/div>\n\t\t\t\t<\/div>\n\t\t\t\t<section class=\"elementor-section elementor-inner-section elementor-element elementor-element-6d1e0f4 elementor-section-full_width elementor-section-height-default elementor-section-height-default\" data-id=\"6d1e0f4\" data-element_type=\"section\">\n\t\t\t\t\t\t<div class=\"elementor-container elementor-column-gap-default\">\n\t\t\t\t\t<div class=\"elementor-column elementor-col-50 elementor-inner-column elementor-element elementor-element-0a67415\" data-id=\"0a67415\" data-element_type=\"column\">\n\t\t\t<div class=\"elementor-widget-wrap elementor-element-populated\">\n\t\t\t\t\t\t<div class=\"elementor-element elementor-element-1ac3de1 elementor-widget elementor-widget-image\" data-id=\"1ac3de1\" data-element_type=\"widget\" data-widget_type=\"image.default\">\n\t\t\t\t<div class=\"elementor-widget-container\">\n\t\t\t\t\t\t\t\t\t\t\t\t\t\t\t<img decoding=\"async\" width=\"1920\" height=\"1280\" src=\"https:\/\/www.leitao-irmao.com\/wp-content\/uploads\/2024\/04\/Benfica-Jewels-by-LI-aguia-120-anos-SLB_making-off-1.jpg\" class=\"attachment-full size-full wp-image-23015\" alt=\"\u00c1guia Vit\u00f3ria em Prata - pe\u00e7a oficial dos 120 anos Sport Lisboa e Benfica x Leit\u00e3o &amp; Irm\u00e3o\" srcset=\"https:\/\/www.leitao-irmao.com\/wp-content\/uploads\/2024\/04\/Benfica-Jewels-by-LI-aguia-120-anos-SLB_making-off-1.jpg 1920w, https:\/\/www.leitao-irmao.com\/wp-content\/uploads\/2024\/04\/Benfica-Jewels-by-LI-aguia-120-anos-SLB_making-off-1-1000x667.jpg 1000w, https:\/\/www.leitao-irmao.com\/wp-content\/uploads\/2024\/04\/Benfica-Jewels-by-LI-aguia-120-anos-SLB_making-off-1-300x200.jpg 300w, https:\/\/www.leitao-irmao.com\/wp-content\/uploads\/2024\/04\/Benfica-Jewels-by-LI-aguia-120-anos-SLB_making-off-1-1024x683.jpg 1024w, https:\/\/www.leitao-irmao.com\/wp-content\/uploads\/2024\/04\/Benfica-Jewels-by-LI-aguia-120-anos-SLB_making-off-1-768x512.jpg 768w, https:\/\/www.leitao-irmao.com\/wp-content\/uploads\/2024\/04\/Benfica-Jewels-by-LI-aguia-120-anos-SLB_making-off-1-1536x1024.jpg 1536w, https:\/\/www.leitao-irmao.com\/wp-content\/uploads\/2024\/04\/Benfica-Jewels-by-LI-aguia-120-anos-SLB_making-off-1-18x12.jpg 18w, https:\/\/www.leitao-irmao.com\/wp-content\/uploads\/2024\/04\/Benfica-Jewels-by-LI-aguia-120-anos-SLB_making-off-1-90x60.jpg 90w\" sizes=\"(max-width: 1920px) 100vw, 1920px\" \/>\t\t\t\t\t\t\t\t\t\t\t\t\t\t\t<\/div>\n\t\t\t\t<\/div>\n\t\t\t\t\t<\/div>\n\t\t<\/div>\n\t\t\t\t<div class=\"elementor-column elementor-col-50 elementor-inner-column elementor-element elementor-element-c2c2736\" data-id=\"c2c2736\" data-element_type=\"column\">\n\t\t\t<div class=\"elementor-widget-wrap elementor-element-populated\">\n\t\t\t\t\t\t<div class=\"elementor-element elementor-element-5fc78e2 elementor-widget elementor-widget-image\" data-id=\"5fc78e2\" data-element_type=\"widget\" data-widget_type=\"image.default\">\n\t\t\t\t<div class=\"elementor-widget-container\">\n\t\t\t\t\t\t\t\t\t\t\t\t\t\t\t<img decoding=\"async\" width=\"1920\" height=\"1280\" src=\"https:\/\/www.leitao-irmao.com\/wp-content\/uploads\/2024\/04\/Benfica-Jewels-by-LI-aguia-120-anos-SLB_making-off-9.jpg\" class=\"attachment-full size-full wp-image-23016\" alt=\"\u00c1guia Vit\u00f3ria em Prata - pe\u00e7a oficial dos 120 anos Sport Lisboa e Benfica x Leit\u00e3o &amp; Irm\u00e3o\" srcset=\"https:\/\/www.leitao-irmao.com\/wp-content\/uploads\/2024\/04\/Benfica-Jewels-by-LI-aguia-120-anos-SLB_making-off-9.jpg 1920w, https:\/\/www.leitao-irmao.com\/wp-content\/uploads\/2024\/04\/Benfica-Jewels-by-LI-aguia-120-anos-SLB_making-off-9-1000x667.jpg 1000w, https:\/\/www.leitao-irmao.com\/wp-content\/uploads\/2024\/04\/Benfica-Jewels-by-LI-aguia-120-anos-SLB_making-off-9-300x200.jpg 300w, https:\/\/www.leitao-irmao.com\/wp-content\/uploads\/2024\/04\/Benfica-Jewels-by-LI-aguia-120-anos-SLB_making-off-9-1024x683.jpg 1024w, https:\/\/www.leitao-irmao.com\/wp-content\/uploads\/2024\/04\/Benfica-Jewels-by-LI-aguia-120-anos-SLB_making-off-9-768x512.jpg 768w, https:\/\/www.leitao-irmao.com\/wp-content\/uploads\/2024\/04\/Benfica-Jewels-by-LI-aguia-120-anos-SLB_making-off-9-1536x1024.jpg 1536w, https:\/\/www.leitao-irmao.com\/wp-content\/uploads\/2024\/04\/Benfica-Jewels-by-LI-aguia-120-anos-SLB_making-off-9-18x12.jpg 18w, https:\/\/www.leitao-irmao.com\/wp-content\/uploads\/2024\/04\/Benfica-Jewels-by-LI-aguia-120-anos-SLB_making-off-9-90x60.jpg 90w\" sizes=\"(max-width: 1920px) 100vw, 1920px\" \/>\t\t\t\t\t\t\t\t\t\t\t\t\t\t\t<\/div>\n\t\t\t\t<\/div>\n\t\t\t\t\t<\/div>\n\t\t<\/div>\n\t\t\t\t\t<\/div>\n\t\t<\/section>\n\t\t\t\t<div class=\"elementor-element elementor-element-bed9d67 elementor-widget elementor-widget-text-editor\" data-id=\"bed9d67\" data-element_type=\"widget\" data-widget_type=\"text-editor.default\">\n\t\t\t\t<div class=\"elementor-widget-container\">\n\t\t\t\t\t\t\t\t\t<p>Ap\u00f3s a transforma\u00e7\u00e3o em prata a pe\u00e7a segue uma <strong>diversidade de t\u00e9cnicas<\/strong> de ourivesaria como o trabalho em banca e aplica\u00e7\u00e3o de cinzel, t\u00e9cnica que <strong>d\u00e1 express\u00e3o \u00e0 pe\u00e7a.<\/strong><\/p><p>O estojo de exposi\u00e7\u00e3o e a base foram desenvolvidos pelo departamento de design da Casa Leit\u00e3o em conjunto com o Sport Lisboa e Benfica, na intens\u00e3o de <strong>proporcionar \u00e0 pe\u00e7a um espa\u00e7o que a engrandece e passa a emo\u00e7\u00e3o Benfica.<\/strong><\/p><p>Para a Leit\u00e3o &amp; Irm\u00e3o, ao comemorar duzentos anos de trabalho, \u00e9 um <strong>privil\u00e9gio estar presente no universo do desporto<\/strong> em geral e na paix\u00e3o pelo futebol em particular.<\/p>\t\t\t\t\t\t\t\t<\/div>\n\t\t\t\t<\/div>\n\t\t\t\t<div class=\"elementor-element elementor-element-7134609 elementor-widget elementor-widget-gallery\" data-id=\"7134609\" data-element_type=\"widget\" data-settings=\"{&quot;gallery_layout&quot;:&quot;justified&quot;,&quot;image_hover_animation&quot;:&quot;grow&quot;,&quot;lazyload&quot;:&quot;yes&quot;,&quot;ideal_row_height&quot;:{&quot;unit&quot;:&quot;px&quot;,&quot;size&quot;:200,&quot;sizes&quot;:[]},&quot;ideal_row_height_widescreen&quot;:{&quot;unit&quot;:&quot;px&quot;,&quot;size&quot;:&quot;&quot;,&quot;sizes&quot;:[]},&quot;ideal_row_height_laptop&quot;:{&quot;unit&quot;:&quot;px&quot;,&quot;size&quot;:150,&quot;sizes&quot;:[]},&quot;ideal_row_height_tablet_extra&quot;:{&quot;unit&quot;:&quot;px&quot;,&quot;size&quot;:150,&quot;sizes&quot;:[]},&quot;ideal_row_height_tablet&quot;:{&quot;unit&quot;:&quot;px&quot;,&quot;size&quot;:150,&quot;sizes&quot;:[]},&quot;ideal_row_height_mobile_extra&quot;:{&quot;unit&quot;:&quot;px&quot;,&quot;size&quot;:150,&quot;sizes&quot;:[]},&quot;ideal_row_height_mobile&quot;:{&quot;unit&quot;:&quot;px&quot;,&quot;size&quot;:150,&quot;sizes&quot;:[]},&quot;gap&quot;:{&quot;unit&quot;:&quot;px&quot;,&quot;size&quot;:10,&quot;sizes&quot;:[]},&quot;gap_widescreen&quot;:{&quot;unit&quot;:&quot;px&quot;,&quot;size&quot;:&quot;&quot;,&quot;sizes&quot;:[]},&quot;gap_laptop&quot;:{&quot;unit&quot;:&quot;px&quot;,&quot;size&quot;:10,&quot;sizes&quot;:[]},&quot;gap_tablet_extra&quot;:{&quot;unit&quot;:&quot;px&quot;,&quot;size&quot;:10,&quot;sizes&quot;:[]},&quot;gap_tablet&quot;:{&quot;unit&quot;:&quot;px&quot;,&quot;size&quot;:10,&quot;sizes&quot;:[]},&quot;gap_mobile_extra&quot;:{&quot;unit&quot;:&quot;px&quot;,&quot;size&quot;:10,&quot;sizes&quot;:[]},&quot;gap_mobile&quot;:{&quot;unit&quot;:&quot;px&quot;,&quot;size&quot;:10,&quot;sizes&quot;:[]},&quot;link_to&quot;:&quot;file&quot;,&quot;overlay_background&quot;:&quot;yes&quot;,&quot;content_hover_animation&quot;:&quot;fade-in&quot;}\" data-widget_type=\"gallery.default\">\n\t\t\t\t<div class=\"elementor-widget-container\">\n\t\t\t\t\t\t\t<div class=\"elementor-gallery__container\">\n\t\t\t\t\t\t\t<a class=\"e-gallery-item elementor-gallery-item elementor-animated-content\" href=\"https:\/\/www.leitao-irmao.com\/wp-content\/uploads\/2024\/04\/120-anos-fotos-by-Benfica-TV-2.jpg\" data-elementor-open-lightbox=\"yes\" data-elementor-lightbox-slideshow=\"7134609\" data-elementor-lightbox-title=\"120 anos - fotos by Benfica TV (2)\" data-elementor-lightbox-description=\"\u00c1guia Vit\u00f3ria em Prata - pe\u00e7a oficial dos 120 anos Sport Lisboa e Benfica x Leit\u00e3o &amp; Irm\u00e3o\" data-e-action-hash=\"#elementor-action%3Aaction%3Dlightbox%26settings%3DeyJpZCI6MjI5OTcsInVybCI6Imh0dHBzOlwvXC93d3cubGVpdGFvLWlybWFvLmNvbVwvd3AtY29udGVudFwvdXBsb2Fkc1wvMjAyNFwvMDRcLzEyMC1hbm9zLWZvdG9zLWJ5LUJlbmZpY2EtVFYtMi5qcGciLCJzbGlkZXNob3ciOiI3MTM0NjA5In0%3D\">\n\t\t\t\t\t<div class=\"e-gallery-image elementor-gallery-item__image\" data-thumbnail=\"https:\/\/www.leitao-irmao.com\/wp-content\/uploads\/2024\/04\/120-anos-fotos-by-Benfica-TV-2.jpg\" data-width=\"1920\" data-height=\"1280\" aria-label=\"\u00c1guia Vit\u00f3ria em Prata - pe\u00e7a oficial dos 120 anos Sport Lisboa e Benfica x Leit\u00e3o &amp; Irm\u00e3o\" role=\"img\" ><\/div>\n\t\t\t\t\t\t\t\t\t\t\t<div class=\"elementor-gallery-item__overlay\"><\/div>\n\t\t\t\t\t\t\t\t\t\t\t\t\t\t<\/a>\n\t\t\t\t\t\t\t<a class=\"e-gallery-item elementor-gallery-item elementor-animated-content\" href=\"https:\/\/www.leitao-irmao.com\/wp-content\/uploads\/2024\/04\/120-anos-fotos-by-Benfica-TV-54.jpg\" data-elementor-open-lightbox=\"yes\" data-elementor-lightbox-slideshow=\"7134609\" data-elementor-lightbox-title=\"120 anos - fotos by Benfica TV (54)\" data-e-action-hash=\"#elementor-action%3Aaction%3Dlightbox%26settings%3DeyJpZCI6MjI5OTYsInVybCI6Imh0dHBzOlwvXC93d3cubGVpdGFvLWlybWFvLmNvbVwvd3AtY29udGVudFwvdXBsb2Fkc1wvMjAyNFwvMDRcLzEyMC1hbm9zLWZvdG9zLWJ5LUJlbmZpY2EtVFYtNTQuanBnIiwic2xpZGVzaG93IjoiNzEzNDYwOSJ9\">\n\t\t\t\t\t<div class=\"e-gallery-image elementor-gallery-item__image\" data-thumbnail=\"https:\/\/www.leitao-irmao.com\/wp-content\/uploads\/2024\/04\/120-anos-fotos-by-Benfica-TV-54.jpg\" data-width=\"1920\" data-height=\"1280\" aria-label=\"\" role=\"img\" ><\/div>\n\t\t\t\t\t\t\t\t\t\t\t<div class=\"elementor-gallery-item__overlay\"><\/div>\n\t\t\t\t\t\t\t\t\t\t\t\t\t\t<\/a>\n\t\t\t\t\t\t\t<a class=\"e-gallery-item elementor-gallery-item elementor-animated-content\" href=\"https:\/\/www.leitao-irmao.com\/wp-content\/uploads\/2024\/04\/Benfica-Jewels-by-LI-aguia-120-anos_estojo_site.jpg\" data-elementor-open-lightbox=\"yes\" data-elementor-lightbox-slideshow=\"7134609\" data-elementor-lightbox-title=\"Benfica Jewels by L&amp;I - \u00e1guia 120 anos_estojo_site\" data-elementor-lightbox-description=\"\u00c1guia Vit\u00f3ria em Prata - pe\u00e7a oficial dos 120 anos Sport Lisboa e Benfica x Leit\u00e3o &amp; Irm\u00e3o\" data-e-action-hash=\"#elementor-action%3Aaction%3Dlightbox%26settings%3DeyJpZCI6MjMwMTcsInVybCI6Imh0dHBzOlwvXC93d3cubGVpdGFvLWlybWFvLmNvbVwvd3AtY29udGVudFwvdXBsb2Fkc1wvMjAyNFwvMDRcL0JlbmZpY2EtSmV3ZWxzLWJ5LUxJLWFndWlhLTEyMC1hbm9zX2VzdG9qb19zaXRlLmpwZyIsInNsaWRlc2hvdyI6IjcxMzQ2MDkifQ%3D%3D\">\n\t\t\t\t\t<div class=\"e-gallery-image elementor-gallery-item__image\" data-thumbnail=\"https:\/\/www.leitao-irmao.com\/wp-content\/uploads\/2024\/04\/Benfica-Jewels-by-LI-aguia-120-anos_estojo_site.jpg\" data-width=\"1080\" data-height=\"1080\" aria-label=\"\u00c1guia Vit\u00f3ria em Prata - pe\u00e7a oficial dos 120 anos Sport Lisboa e Benfica x Leit\u00e3o &amp; Irm\u00e3o\" role=\"img\" ><\/div>\n\t\t\t\t\t\t\t\t\t\t\t<div class=\"elementor-gallery-item__overlay\"><\/div>\n\t\t\t\t\t\t\t\t\t\t\t\t\t\t<\/a>\n\t\t\t\t\t\t\t<a class=\"e-gallery-item elementor-gallery-item elementor-animated-content\" href=\"https:\/\/www.leitao-irmao.com\/wp-content\/uploads\/2024\/04\/120-anos-fotos-by-Benfica-TV-35.jpg\" data-elementor-open-lightbox=\"yes\" data-elementor-lightbox-slideshow=\"7134609\" data-elementor-lightbox-title=\"120 anos - fotos by Benfica TV (35)\" data-e-action-hash=\"#elementor-action%3Aaction%3Dlightbox%26settings%3DeyJpZCI6MjMwMTksInVybCI6Imh0dHBzOlwvXC93d3cubGVpdGFvLWlybWFvLmNvbVwvd3AtY29udGVudFwvdXBsb2Fkc1wvMjAyNFwvMDRcLzEyMC1hbm9zLWZvdG9zLWJ5LUJlbmZpY2EtVFYtMzUuanBnIiwic2xpZGVzaG93IjoiNzEzNDYwOSJ9\">\n\t\t\t\t\t<div class=\"e-gallery-image elementor-gallery-item__image\" data-thumbnail=\"https:\/\/www.leitao-irmao.com\/wp-content\/uploads\/2024\/04\/120-anos-fotos-by-Benfica-TV-35.jpg\" data-width=\"1920\" data-height=\"1280\" aria-label=\"\" role=\"img\" ><\/div>\n\t\t\t\t\t\t\t\t\t\t\t<div class=\"elementor-gallery-item__overlay\"><\/div>\n\t\t\t\t\t\t\t\t\t\t\t\t\t\t<\/a>\n\t\t\t\t\t\t\t<a class=\"e-gallery-item elementor-gallery-item elementor-animated-content\" href=\"https:\/\/www.leitao-irmao.com\/wp-content\/uploads\/2024\/04\/Benfica-Jewels-by-LI-aguia-120-anos_ambiente-2.jpg\" data-elementor-open-lightbox=\"yes\" data-elementor-lightbox-slideshow=\"7134609\" data-elementor-lightbox-title=\"Benfica Jewels by L&amp;I - \u00e1guia 120 anos_ambiente\" data-elementor-lightbox-description=\"\u00c1guia Vit\u00f3ria em Prata - pe\u00e7a oficial dos 120 anos Sport Lisboa e Benfica x Leit\u00e3o &amp; Irm\u00e3o\" data-e-action-hash=\"#elementor-action%3Aaction%3Dlightbox%26settings%3DeyJpZCI6MjMwMTMsInVybCI6Imh0dHBzOlwvXC93d3cubGVpdGFvLWlybWFvLmNvbVwvd3AtY29udGVudFwvdXBsb2Fkc1wvMjAyNFwvMDRcL0JlbmZpY2EtSmV3ZWxzLWJ5LUxJLWFndWlhLTEyMC1hbm9zX2FtYmllbnRlLTIuanBnIiwic2xpZGVzaG93IjoiNzEzNDYwOSJ9\">\n\t\t\t\t\t<div class=\"e-gallery-image elementor-gallery-item__image\" data-thumbnail=\"https:\/\/www.leitao-irmao.com\/wp-content\/uploads\/2024\/04\/Benfica-Jewels-by-LI-aguia-120-anos_ambiente-2.jpg\" data-width=\"1920\" data-height=\"1280\" aria-label=\"\u00c1guia Vit\u00f3ria em Prata - pe\u00e7a oficial dos 120 anos Sport Lisboa e Benfica x Leit\u00e3o &amp; Irm\u00e3o\" role=\"img\" ><\/div>\n\t\t\t\t\t\t\t\t\t\t\t<div class=\"elementor-gallery-item__overlay\"><\/div>\n\t\t\t\t\t\t\t\t\t\t\t\t\t\t<\/a>\n\t\t\t\t\t\t\t<a class=\"e-gallery-item elementor-gallery-item elementor-animated-content\" href=\"https:\/\/www.leitao-irmao.com\/wp-content\/uploads\/2024\/04\/120-anos-fotos-by-Benfica-TV-24.jpg\" data-elementor-open-lightbox=\"yes\" data-elementor-lightbox-slideshow=\"7134609\" data-elementor-lightbox-title=\"120 anos - fotos by Benfica TV (24)\" data-e-action-hash=\"#elementor-action%3Aaction%3Dlightbox%26settings%3DeyJpZCI6MjMwMTgsInVybCI6Imh0dHBzOlwvXC93d3cubGVpdGFvLWlybWFvLmNvbVwvd3AtY29udGVudFwvdXBsb2Fkc1wvMjAyNFwvMDRcLzEyMC1hbm9zLWZvdG9zLWJ5LUJlbmZpY2EtVFYtMjQuanBnIiwic2xpZGVzaG93IjoiNzEzNDYwOSJ9\">\n\t\t\t\t\t<div class=\"e-gallery-image elementor-gallery-item__image\" data-thumbnail=\"https:\/\/www.leitao-irmao.com\/wp-content\/uploads\/2024\/04\/120-anos-fotos-by-Benfica-TV-24.jpg\" data-width=\"1920\" data-height=\"1280\" aria-label=\"\" role=\"img\" ><\/div>\n\t\t\t\t\t\t\t\t\t\t\t<div class=\"elementor-gallery-item__overlay\"><\/div>\n\t\t\t\t\t\t\t\t\t\t\t\t\t\t<\/a>\n\t\t\t\t\t<\/div>\n\t\t\t\t\t<\/div>\n\t\t\t\t<\/div>\n\t\t\t\t<div class=\"elementor-element elementor-element-4b09601 elementor-widget elementor-widget-text-editor\" data-id=\"4b09601\" data-element_type=\"widget\" data-widget_type=\"text-editor.default\">\n\t\t\t\t<div class=\"elementor-widget-container\">\n\t\t\t\t\t\t\t\t\t<p>&#8220;<em>Este \u00e9 o resultado de duas Casas centen\u00e1rias que se unem para celebrar. \u00c9 um orgulho para a Leit\u00e3o &amp; Irm\u00e3o continuar a assinalar os momentos mais marcantes de um dos clubes mais emblem\u00e1ticos de Portugal. Para a ocasi\u00e3o desenhou uma pe\u00e7a de exce\u00e7\u00e3o, produzida em prata e pelas m\u00e3os dos mestres artes\u00e3os, que oferecem pe\u00e7as de magnifico detalhes, beleza e saber fazer.<\/em>&#8220;<\/p><p>Jorge Leit\u00e3o, CEO Leit\u00e3o &amp; Irm\u00e3o<\/p>\t\t\t\t\t\t\t\t<\/div>\n\t\t\t\t<\/div>\n\t\t\t\t\t<\/div>\n\t\t<\/div>\n\t\t\t\t\t<\/div>\n\t\t<\/section>\n\t\t\t\t<\/div>","protected":false},"excerpt":{"rendered":"<p>\u00c0 paix\u00e3o pelo clube junta-se o amor pela excel\u00eancia do saber fazer portugu\u00eas. Na passada quinta-feira, dia 28 de mar\u00e7o, decorreu a Apresenta\u00e7\u00e3o de produtos alusivos \u00e0 comemora\u00e7\u00e3o dos 120 anos do Sport Lisboa e Benfica. O Sport Lisboa e Benfica e a Casa Leit\u00e3o &amp; Irm\u00e3o &#8211; Joalheiros, marcas centen\u00e1rias, juntam-se na cria\u00e7\u00e3o de [&hellip;]<\/p>","protected":false},"author":15,"featured_media":23012,"comment_status":"closed","ping_status":"open","sticky":false,"template":"","format":"standard","meta":{"_acf_changed":false,"footnotes":""},"categories":[488],"tags":[],"class_list":["post-23010","post","type-post","status-publish","format-standard","has-post-thumbnail","hentry","category-noticias"],"acf":[],"yoast_head":"<!-- This site is optimized with the Yoast SEO plugin v25.4 - https:\/\/yoast.com\/wordpress\/plugins\/seo\/ -->\n<title>\u00c1guia Vit\u00f3ria em prata - Pe\u00e7a oficial dos 120 anos do Sport Lisboa e Benfica<\/title>\n<meta name=\"description\" content=\"Na passada quinta-feira, dia 28 de mar\u00e7o, decorreu a Apresenta\u00e7\u00e3o de produtos alusivos \u00e0 comemora\u00e7\u00e3o dos 120 anos do Sport Lisboa e Benfica.\" \/>\n<meta name=\"robots\" content=\"index, follow, max-snippet:-1, max-image-preview:large, max-video-preview:-1\" \/>\n<link rel=\"canonical\" href=\"https:\/\/www.leitao-irmao.com\/en\/aguia-vitoria-em-prata-peca-comemorativa-120-anos-do-sport-lisboa-e-benfica\/\" \/>\n<meta property=\"og:locale\" content=\"en_GB\" \/>\n<meta property=\"og:type\" content=\"article\" \/>\n<meta property=\"og:title\" content=\"\u00c1guia Vit\u00f3ria em prata - Pe\u00e7a oficial dos 120 anos do Sport Lisboa e Benfica\" \/>\n<meta property=\"og:description\" content=\"Na passada quinta-feira, dia 28 de mar\u00e7o, decorreu a Apresenta\u00e7\u00e3o de produtos alusivos \u00e0 comemora\u00e7\u00e3o dos 120 anos do Sport Lisboa e Benfica.\" \/>\n<meta property=\"og:url\" content=\"https:\/\/www.leitao-irmao.com\/en\/aguia-vitoria-em-prata-peca-comemorativa-120-anos-do-sport-lisboa-e-benfica\/\" \/>\n<meta property=\"og:site_name\" content=\"Leit\u00e3o &amp; Irm\u00e3o\" \/>\n<meta property=\"article:published_time\" content=\"2024-04-09T16:51:43+00:00\" \/>\n<meta property=\"article:modified_time\" content=\"2024-07-29T11:16:53+00:00\" \/>\n<meta property=\"og:image\" content=\"https:\/\/www.leitao-irmao.com\/wp-content\/uploads\/2024\/04\/120-anos-fotos-by-Benfica-TV-6.jpg\" \/>\n\t<meta property=\"og:image:width\" content=\"1920\" \/>\n\t<meta property=\"og:image:height\" content=\"1280\" \/>\n\t<meta property=\"og:image:type\" content=\"image\/jpeg\" \/>\n<meta name=\"author\" content=\"Rita\" \/>\n<meta name=\"twitter:card\" content=\"summary_large_image\" \/>\n<meta name=\"twitter:title\" content=\"\u00c1guia Vit\u00f3ria em prata - Pe\u00e7a oficial dos 120 anos do Sport Lisboa e Benfica\" \/>\n<meta name=\"twitter:description\" content=\"Na passada quinta-feira, dia 28 de mar\u00e7o, decorreu a Apresenta\u00e7\u00e3o de produtos alusivos \u00e0 comemora\u00e7\u00e3o dos 120 anos do Sport Lisboa e Benfica.\" \/>\n<meta name=\"twitter:image\" content=\"https:\/\/www.leitao-irmao.com\/wp-content\/uploads\/2024\/04\/120-anos-fotos-by-Benfica-TV-6.jpg\" \/>\n<meta name=\"twitter:label1\" content=\"Written by\" \/>\n\t<meta name=\"twitter:data1\" content=\"Rita\" \/>\n\t<meta name=\"twitter:label2\" content=\"Estimated reading time\" \/>\n\t<meta name=\"twitter:data2\" content=\"3 minutes\" \/>\n<script type=\"application\/ld+json\" class=\"yoast-schema-graph\">{\"@context\":\"https:\/\/schema.org\",\"@graph\":[{\"@type\":\"Article\",\"@id\":\"https:\/\/www.leitao-irmao.com\/aguia-vitoria-em-prata-peca-comemorativa-120-anos-do-sport-lisboa-e-benfica\/#article\",\"isPartOf\":{\"@id\":\"https:\/\/www.leitao-irmao.com\/aguia-vitoria-em-prata-peca-comemorativa-120-anos-do-sport-lisboa-e-benfica\/\"},\"author\":{\"name\":\"Rita\",\"@id\":\"https:\/\/www.leitao-irmao.com\/#\/schema\/person\/ed76f9ae0f74f63785d2592829d63462\"},\"headline\":\"\u00c1guia Vit\u00f3ria em prata &#8211; Pe\u00e7a oficial dos 120 anos do Sport Lisboa e Benfica\",\"datePublished\":\"2024-04-09T16:51:43+00:00\",\"dateModified\":\"2024-07-29T11:16:53+00:00\",\"mainEntityOfPage\":{\"@id\":\"https:\/\/www.leitao-irmao.com\/aguia-vitoria-em-prata-peca-comemorativa-120-anos-do-sport-lisboa-e-benfica\/\"},\"wordCount\":498,\"publisher\":{\"@id\":\"https:\/\/www.leitao-irmao.com\/#organization\"},\"image\":{\"@id\":\"https:\/\/www.leitao-irmao.com\/aguia-vitoria-em-prata-peca-comemorativa-120-anos-do-sport-lisboa-e-benfica\/#primaryimage\"},\"thumbnailUrl\":\"https:\/\/www.leitao-irmao.com\/wp-content\/uploads\/2024\/04\/120-anos-fotos-by-Benfica-TV-6.jpg\",\"articleSection\":[\"Not\u00edcias\"],\"inLanguage\":\"en-GB\"},{\"@type\":\"WebPage\",\"@id\":\"https:\/\/www.leitao-irmao.com\/aguia-vitoria-em-prata-peca-comemorativa-120-anos-do-sport-lisboa-e-benfica\/\",\"url\":\"https:\/\/www.leitao-irmao.com\/aguia-vitoria-em-prata-peca-comemorativa-120-anos-do-sport-lisboa-e-benfica\/\",\"name\":\"\u00c1guia Vit\u00f3ria em prata - Pe\u00e7a oficial dos 120 anos do Sport Lisboa e Benfica\",\"isPartOf\":{\"@id\":\"https:\/\/www.leitao-irmao.com\/#website\"},\"primaryImageOfPage\":{\"@id\":\"https:\/\/www.leitao-irmao.com\/aguia-vitoria-em-prata-peca-comemorativa-120-anos-do-sport-lisboa-e-benfica\/#primaryimage\"},\"image\":{\"@id\":\"https:\/\/www.leitao-irmao.com\/aguia-vitoria-em-prata-peca-comemorativa-120-anos-do-sport-lisboa-e-benfica\/#primaryimage\"},\"thumbnailUrl\":\"https:\/\/www.leitao-irmao.com\/wp-content\/uploads\/2024\/04\/120-anos-fotos-by-Benfica-TV-6.jpg\",\"datePublished\":\"2024-04-09T16:51:43+00:00\",\"dateModified\":\"2024-07-29T11:16:53+00:00\",\"description\":\"Na passada quinta-feira, dia 28 de mar\u00e7o, decorreu a Apresenta\u00e7\u00e3o de produtos alusivos \u00e0 comemora\u00e7\u00e3o dos 120 anos do Sport Lisboa e Benfica.\",\"breadcrumb\":{\"@id\":\"https:\/\/www.leitao-irmao.com\/aguia-vitoria-em-prata-peca-comemorativa-120-anos-do-sport-lisboa-e-benfica\/#breadcrumb\"},\"inLanguage\":\"en-GB\",\"potentialAction\":[{\"@type\":\"ReadAction\",\"target\":[\"https:\/\/www.leitao-irmao.com\/aguia-vitoria-em-prata-peca-comemorativa-120-anos-do-sport-lisboa-e-benfica\/\"]}]},{\"@type\":\"ImageObject\",\"inLanguage\":\"en-GB\",\"@id\":\"https:\/\/www.leitao-irmao.com\/aguia-vitoria-em-prata-peca-comemorativa-120-anos-do-sport-lisboa-e-benfica\/#primaryimage\",\"url\":\"https:\/\/www.leitao-irmao.com\/wp-content\/uploads\/2024\/04\/120-anos-fotos-by-Benfica-TV-6.jpg\",\"contentUrl\":\"https:\/\/www.leitao-irmao.com\/wp-content\/uploads\/2024\/04\/120-anos-fotos-by-Benfica-TV-6.jpg\",\"width\":1920,\"height\":1280,\"caption\":\"\u00c1guia Vit\u00f3ria em Prata - pe\u00e7a oficial dos 120 anos Sport Lisboa e Benfica x Leit\u00e3o & Irm\u00e3o\"},{\"@type\":\"BreadcrumbList\",\"@id\":\"https:\/\/www.leitao-irmao.com\/aguia-vitoria-em-prata-peca-comemorativa-120-anos-do-sport-lisboa-e-benfica\/#breadcrumb\",\"itemListElement\":[{\"@type\":\"ListItem\",\"position\":1,\"name\":\"Home\",\"item\":\"https:\/\/www.leitao-irmao.com\/\"},{\"@type\":\"ListItem\",\"position\":2,\"name\":\"\u00c1guia Vit\u00f3ria em prata &#8211; Pe\u00e7a oficial dos 120 anos do Sport Lisboa e Benfica\"}]},{\"@type\":\"WebSite\",\"@id\":\"https:\/\/www.leitao-irmao.com\/#website\",\"url\":\"https:\/\/www.leitao-irmao.com\/\",\"name\":\"Leit\u00e3o & Irm\u00e3o\",\"description\":\"Joalheiros desde 1822\",\"publisher\":{\"@id\":\"https:\/\/www.leitao-irmao.com\/#organization\"},\"potentialAction\":[{\"@type\":\"SearchAction\",\"target\":{\"@type\":\"EntryPoint\",\"urlTemplate\":\"https:\/\/www.leitao-irmao.com\/?s={search_term_string}\"},\"query-input\":{\"@type\":\"PropertyValueSpecification\",\"valueRequired\":true,\"valueName\":\"search_term_string\"}}],\"inLanguage\":\"en-GB\"},{\"@type\":\"Organization\",\"@id\":\"https:\/\/www.leitao-irmao.com\/#organization\",\"name\":\"Leit\u00e3o & Irm\u00e3o\",\"url\":\"https:\/\/www.leitao-irmao.com\/\",\"logo\":{\"@type\":\"ImageObject\",\"inLanguage\":\"en-GB\",\"@id\":\"https:\/\/www.leitao-irmao.com\/#\/schema\/logo\/image\/\",\"url\":\"https:\/\/www.leitao-irmao.com\/wp-content\/uploads\/2022\/11\/leitaoirmao-logo.png\",\"contentUrl\":\"https:\/\/www.leitao-irmao.com\/wp-content\/uploads\/2022\/11\/leitaoirmao-logo.png\",\"width\":426,\"height\":89,\"caption\":\"Leit\u00e3o & Irm\u00e3o\"},\"image\":{\"@id\":\"https:\/\/www.leitao-irmao.com\/#\/schema\/logo\/image\/\"}},{\"@type\":\"Person\",\"@id\":\"https:\/\/www.leitao-irmao.com\/#\/schema\/person\/ed76f9ae0f74f63785d2592829d63462\",\"name\":\"Rita\",\"url\":\"https:\/\/www.leitao-irmao.com\/en\/author\/marketing\/\"}]}<\/script>\n<!-- \/ Yoast SEO plugin. -->","yoast_head_json":{"title":"\u00c1guia Vit\u00f3ria em prata - Pe\u00e7a oficial dos 120 anos do Sport Lisboa e Benfica","description":"Na passada quinta-feira, dia 28 de mar\u00e7o, decorreu a Apresenta\u00e7\u00e3o de produtos alusivos \u00e0 comemora\u00e7\u00e3o dos 120 anos do Sport Lisboa e Benfica.","robots":{"index":"index","follow":"follow","max-snippet":"max-snippet:-1","max-image-preview":"max-image-preview:large","max-video-preview":"max-video-preview:-1"},"canonical":"https:\/\/www.leitao-irmao.com\/en\/aguia-vitoria-em-prata-peca-comemorativa-120-anos-do-sport-lisboa-e-benfica\/","og_locale":"en_GB","og_type":"article","og_title":"\u00c1guia Vit\u00f3ria em prata - Pe\u00e7a oficial dos 120 anos do Sport Lisboa e Benfica","og_description":"Na passada quinta-feira, dia 28 de mar\u00e7o, decorreu a Apresenta\u00e7\u00e3o de produtos alusivos \u00e0 comemora\u00e7\u00e3o dos 120 anos do Sport Lisboa e Benfica.","og_url":"https:\/\/www.leitao-irmao.com\/en\/aguia-vitoria-em-prata-peca-comemorativa-120-anos-do-sport-lisboa-e-benfica\/","og_site_name":"Leit\u00e3o &amp; Irm\u00e3o","article_published_time":"2024-04-09T16:51:43+00:00","article_modified_time":"2024-07-29T11:16:53+00:00","og_image":[{"width":1920,"height":1280,"url":"https:\/\/www.leitao-irmao.com\/wp-content\/uploads\/2024\/04\/120-anos-fotos-by-Benfica-TV-6.jpg","type":"image\/jpeg"}],"author":"Rita","twitter_card":"summary_large_image","twitter_title":"\u00c1guia Vit\u00f3ria em prata - Pe\u00e7a oficial dos 120 anos do Sport Lisboa e Benfica","twitter_description":"Na passada quinta-feira, dia 28 de mar\u00e7o, decorreu a Apresenta\u00e7\u00e3o de produtos alusivos \u00e0 comemora\u00e7\u00e3o dos 120 anos do Sport Lisboa e Benfica.","twitter_image":"https:\/\/www.leitao-irmao.com\/wp-content\/uploads\/2024\/04\/120-anos-fotos-by-Benfica-TV-6.jpg","twitter_misc":{"Written by":"Rita","Estimated reading time":"3 minutes"},"schema":{"@context":"https:\/\/schema.org","@graph":[{"@type":"Article","@id":"https:\/\/www.leitao-irmao.com\/aguia-vitoria-em-prata-peca-comemorativa-120-anos-do-sport-lisboa-e-benfica\/#article","isPartOf":{"@id":"https:\/\/www.leitao-irmao.com\/aguia-vitoria-em-prata-peca-comemorativa-120-anos-do-sport-lisboa-e-benfica\/"},"author":{"name":"Rita","@id":"https:\/\/www.leitao-irmao.com\/#\/schema\/person\/ed76f9ae0f74f63785d2592829d63462"},"headline":"\u00c1guia Vit\u00f3ria em prata &#8211; Pe\u00e7a oficial dos 120 anos do Sport Lisboa e Benfica","datePublished":"2024-04-09T16:51:43+00:00","dateModified":"2024-07-29T11:16:53+00:00","mainEntityOfPage":{"@id":"https:\/\/www.leitao-irmao.com\/aguia-vitoria-em-prata-peca-comemorativa-120-anos-do-sport-lisboa-e-benfica\/"},"wordCount":498,"publisher":{"@id":"https:\/\/www.leitao-irmao.com\/#organization"},"image":{"@id":"https:\/\/www.leitao-irmao.com\/aguia-vitoria-em-prata-peca-comemorativa-120-anos-do-sport-lisboa-e-benfica\/#primaryimage"},"thumbnailUrl":"https:\/\/www.leitao-irmao.com\/wp-content\/uploads\/2024\/04\/120-anos-fotos-by-Benfica-TV-6.jpg","articleSection":["Not\u00edcias"],"inLanguage":"en-GB"},{"@type":"WebPage","@id":"https:\/\/www.leitao-irmao.com\/aguia-vitoria-em-prata-peca-comemorativa-120-anos-do-sport-lisboa-e-benfica\/","url":"https:\/\/www.leitao-irmao.com\/aguia-vitoria-em-prata-peca-comemorativa-120-anos-do-sport-lisboa-e-benfica\/","name":"\u00c1guia Vit\u00f3ria em prata - Pe\u00e7a oficial dos 120 anos do Sport Lisboa e Benfica","isPartOf":{"@id":"https:\/\/www.leitao-irmao.com\/#website"},"primaryImageOfPage":{"@id":"https:\/\/www.leitao-irmao.com\/aguia-vitoria-em-prata-peca-comemorativa-120-anos-do-sport-lisboa-e-benfica\/#primaryimage"},"image":{"@id":"https:\/\/www.leitao-irmao.com\/aguia-vitoria-em-prata-peca-comemorativa-120-anos-do-sport-lisboa-e-benfica\/#primaryimage"},"thumbnailUrl":"https:\/\/www.leitao-irmao.com\/wp-content\/uploads\/2024\/04\/120-anos-fotos-by-Benfica-TV-6.jpg","datePublished":"2024-04-09T16:51:43+00:00","dateModified":"2024-07-29T11:16:53+00:00","description":"Na passada quinta-feira, dia 28 de mar\u00e7o, decorreu a Apresenta\u00e7\u00e3o de produtos alusivos \u00e0 comemora\u00e7\u00e3o dos 120 anos do Sport Lisboa e Benfica.","breadcrumb":{"@id":"https:\/\/www.leitao-irmao.com\/aguia-vitoria-em-prata-peca-comemorativa-120-anos-do-sport-lisboa-e-benfica\/#breadcrumb"},"inLanguage":"en-GB","potentialAction":[{"@type":"ReadAction","target":["https:\/\/www.leitao-irmao.com\/aguia-vitoria-em-prata-peca-comemorativa-120-anos-do-sport-lisboa-e-benfica\/"]}]},{"@type":"ImageObject","inLanguage":"en-GB","@id":"https:\/\/www.leitao-irmao.com\/aguia-vitoria-em-prata-peca-comemorativa-120-anos-do-sport-lisboa-e-benfica\/#primaryimage","url":"https:\/\/www.leitao-irmao.com\/wp-content\/uploads\/2024\/04\/120-anos-fotos-by-Benfica-TV-6.jpg","contentUrl":"https:\/\/www.leitao-irmao.com\/wp-content\/uploads\/2024\/04\/120-anos-fotos-by-Benfica-TV-6.jpg","width":1920,"height":1280,"caption":"\u00c1guia Vit\u00f3ria em Prata - pe\u00e7a oficial dos 120 anos Sport Lisboa e Benfica x Leit\u00e3o & Irm\u00e3o"},{"@type":"BreadcrumbList","@id":"https:\/\/www.leitao-irmao.com\/aguia-vitoria-em-prata-peca-comemorativa-120-anos-do-sport-lisboa-e-benfica\/#breadcrumb","itemListElement":[{"@type":"ListItem","position":1,"name":"Home","item":"https:\/\/www.leitao-irmao.com\/"},{"@type":"ListItem","position":2,"name":"\u00c1guia Vit\u00f3ria em prata &#8211; Pe\u00e7a oficial dos 120 anos do Sport Lisboa e Benfica"}]},{"@type":"WebSite","@id":"https:\/\/www.leitao-irmao.com\/#website","url":"https:\/\/www.leitao-irmao.com\/","name":"Leit\u00e3o & Irm\u00e3o","description":"Joalheiros desde 1822","publisher":{"@id":"https:\/\/www.leitao-irmao.com\/#organization"},"potentialAction":[{"@type":"SearchAction","target":{"@type":"EntryPoint","urlTemplate":"https:\/\/www.leitao-irmao.com\/?s={search_term_string}"},"query-input":{"@type":"PropertyValueSpecification","valueRequired":true,"valueName":"search_term_string"}}],"inLanguage":"en-GB"},{"@type":"Organization","@id":"https:\/\/www.leitao-irmao.com\/#organization","name":"Leit\u00e3o & Irm\u00e3o","url":"https:\/\/www.leitao-irmao.com\/","logo":{"@type":"ImageObject","inLanguage":"en-GB","@id":"https:\/\/www.leitao-irmao.com\/#\/schema\/logo\/image\/","url":"https:\/\/www.leitao-irmao.com\/wp-content\/uploads\/2022\/11\/leitaoirmao-logo.png","contentUrl":"https:\/\/www.leitao-irmao.com\/wp-content\/uploads\/2022\/11\/leitaoirmao-logo.png","width":426,"height":89,"caption":"Leit\u00e3o & Irm\u00e3o"},"image":{"@id":"https:\/\/www.leitao-irmao.com\/#\/schema\/logo\/image\/"}},{"@type":"Person","@id":"https:\/\/www.leitao-irmao.com\/#\/schema\/person\/ed76f9ae0f74f63785d2592829d63462","name":"Rita","url":"https:\/\/www.leitao-irmao.com\/en\/author\/marketing\/"}]}},"_links":{"self":[{"href":"https:\/\/www.leitao-irmao.com\/en\/wp-json\/wp\/v2\/posts\/23010","targetHints":{"allow":["GET"]}}],"collection":[{"href":"https:\/\/www.leitao-irmao.com\/en\/wp-json\/wp\/v2\/posts"}],"about":[{"href":"https:\/\/www.leitao-irmao.com\/en\/wp-json\/wp\/v2\/types\/post"}],"author":[{"embeddable":true,"href":"https:\/\/www.leitao-irmao.com\/en\/wp-json\/wp\/v2\/users\/15"}],"replies":[{"embeddable":true,"href":"https:\/\/www.leitao-irmao.com\/en\/wp-json\/wp\/v2\/comments?post=23010"}],"version-history":[{"count":0,"href":"https:\/\/www.leitao-irmao.com\/en\/wp-json\/wp\/v2\/posts\/23010\/revisions"}],"wp:featuredmedia":[{"embeddable":true,"href":"https:\/\/www.leitao-irmao.com\/en\/wp-json\/wp\/v2\/media\/23012"}],"wp:attachment":[{"href":"https:\/\/www.leitao-irmao.com\/en\/wp-json\/wp\/v2\/media?parent=23010"}],"wp:term":[{"taxonomy":"category","embeddable":true,"href":"https:\/\/www.leitao-irmao.com\/en\/wp-json\/wp\/v2\/categories?post=23010"},{"taxonomy":"post_tag","embeddable":true,"href":"https:\/\/www.leitao-irmao.com\/en\/wp-json\/wp\/v2\/tags?post=23010"}],"curies":[{"name":"wp","href":"https:\/\/api.w.org\/{rel}","templated":true}]}}